{
    "version": "https://jsonfeed.org/version/1",
    "user_comment": "This feed allows you to read the posts from this site in any feed reader that supports the JSON Feed format. To add this feed to your reader, copy the following URL -- https://www.seebtm.com/tag/izletnicka-taksa/feed/json/ -- and add it your reader.",
    "home_page_url": "https://www.seebtm.com/tag/izletnicka-taksa/",
    "feed_url": "https://www.seebtm.com/tag/izletnicka-taksa/feed/json/",
    "title": "SEE Business travel &amp; meetings magazine",
    "description": "Magazin za oblast poslovnih putovanja i kongresnog turizma Jugoisto\u010dne Evrope",
    "items": [
        {
            "id": "https://www.seebtm.com/uvedena-izletnicka-taksa-u-budvi/",
            "url": "https://www.seebtm.com/uvedena-izletnicka-taksa-u-budvi/",
            "title": "Uvedena izletni\u010dka taksa u Budvi",
            "content_html": "<h1>Turisti\u010dka organizacija Budve je ove godine uvela je odluku o napla\u0107ivanju izletni\u010dke takse za sve one koje \u017eele da posete Stari grad, a cena je 1 EUR.</h1>\n<p>Taksa \u0107e se napla\u0107ivati u novom informativno-turisti\u010dkom punktu u centru Budve. Ove obaveze \u0107e, izme\u0111u ostalih, biti oslobo\u0111eni strani dr\u017eavljani koji dolaze organizovano preko zvani\u010dnih humanitarnih organizacija radi pru\u017eanja humanitarne pomo\u0107i i gosti sme\u0161teni u turisti\u010dkim objektima na teritoriji Budve, a koji su ve\u0107 platili boravi\u0161nu taksu.</p>\n<p>The post <a rel=\"nofollow\" href=\"https://www.seebtm.com/uvedena-izletnicka-taksa-u-budvi/\">Uvedena izletni\u010dka taksa u Budvi</a> appeared first on <a rel=\"nofollow\" href=\"https://www.seebtm.com\">SEE Business travel &amp; meetings magazine</a>.</p>\n",
            "content_text": "Turisti\u010dka organizacija Budve je ove godine uvela je odluku o napla\u0107ivanju izletni\u010dke takse za sve one koje \u017eele da posete Stari grad, a cena je 1 EUR.\nTaksa \u0107e se napla\u0107ivati u novom informativno-turisti\u010dkom punktu u centru Budve. Ove obaveze \u0107e, izme\u0111u ostalih, biti oslobo\u0111eni strani dr\u017eavljani koji dolaze organizovano preko zvani\u010dnih humanitarnih organizacija radi pru\u017eanja humanitarne pomo\u0107i i gosti sme\u0161teni u turisti\u010dkim objektima na teritoriji Budve, a koji su ve\u0107 platili boravi\u0161nu taksu.\nThe post Uvedena izletni\u010dka taksa u Budvi appeared first on SEE Business travel &amp; meetings magazine.",
            "date_published": "2019-07-09T09:38:16+02:00",
            "date_modified": "2019-07-09T09:38:16+02:00",
            "author": {
                "name": "Milica Novak",
                "url": "https://www.seebtm.com/author/milicanovak/",
                "avatar": "https://www.seebtm.com/wp-content/uploads/Milica-Novak.jpg"
            },
            "image": "https://www.seebtm.com/wp-content/uploads/budva-taxe-naslovna.jpg",
            "tags": [
                "budva",
                "crna gora",
                "izletni\u010dka taksa",
                "MUST READ",
                "Novosti i doga\u0111aji",
                "VESTI"
            ]
        }
    ]
}