{
    "version": "https://jsonfeed.org/version/1",
    "user_comment": "This feed allows you to read the posts from this site in any feed reader that supports the JSON Feed format. To add this feed to your reader, copy the following URL -- https://www.seebtm.com/tag/drv-kongres/feed/json/ -- and add it your reader.",
    "home_page_url": "https://www.seebtm.com/tag/drv-kongres/",
    "feed_url": "https://www.seebtm.com/tag/drv-kongres/feed/json/",
    "title": "SEE Business travel &amp; meetings magazine",
    "description": "Magazin za oblast poslovnih putovanja i kongresnog turizma Jugoisto\u010dne Evrope",
    "items": [
        {
            "id": "https://www.seebtm.com/62-godisnji-kongres-nemackog-turistickog-udruzenja-odlicna-prilika-za-turizam-crne-gore-i-nemacke/",
            "url": "https://www.seebtm.com/62-godisnji-kongres-nemackog-turistickog-udruzenja-odlicna-prilika-za-turizam-crne-gore-i-nemacke/",
            "title": "62. Godi\u0161nji kongres Nema\u010dkog turisti\u010dkog udru\u017eenja \u2013 ODLI\u010cNA PRILIKA ZA TURIZAM CRNE GORE I NEMA\u010cKE",
            "content_html": "<p style=\"text-align: justify;\"><a href=\"https://www.seebtm.com/wp-content/uploads/Mr-J\u00fcrgen-B\u00fcchy-DRV-President.jpg\"><img class=\"alignleft size-medium wp-image-8826\" title=\"Mr J\u00fcrgen B\u00fcchy, DRV President\" src=\"https://www.seebtm.com/wp-content/uploads/Mr-J\u00fcrgen-B\u00fcchy-DRV-President-210x300.jpg\" alt=\"Mr J\u00fcrgen B\u00fcchy, DRV President\" width=\"166\" height=\"238\" /></a>Ovogodi\u0161nji kongres \u0107e pru\u017eiti izvanrednu priliku da se ostvare kontakti sa donosiocima odluka u turisti\u010dkoj industriji Crne Gore, pro\u0161iri paleta usluga za nema\u010dke turiste i da se Nema\u010dkoj pribli\u017ei turisti\u010dka ponuda Crne Gore.</p>\n<p style=\"text-align: justify;\">Da bismo predstavili predstoje\u0107i kongres imali smo \u010dast da porazgovaramo sa g-dinom Jirgenom Bihijem, predsednikom DRV.</p>\n<p style=\"text-align: justify;\"><strong>1. Ove godine se odr\u017eava 62. kongres DRV (Deutscher ReiseVerband). Koji su glavni uslovi koje destinacija treba da zadovolji kako bi bila doma\u0107in ovog kongresa?</strong></p>\n<p style=\"text-align: justify;\">Razli\u010dite destinacije se svake godine prijavljuju za doma\u0107ina godi\u0161njeg kongresa DRV. Presudni faktori u procesu odlu\u010divanja obuhvataju dovoljan broj letova (lak pristup sa centralnih aerodroma u Nema\u010dkoj), samu lokaciju (da li je turisti\u010dki privla\u010dna, da li ima potencijala za atraktivne ve\u010dernje doga\u0111aje sa do 1.000 zvanica, kao i da li je dobra polazna ta\u010dka za skupove pre i posle doga\u0111aja), kapacitet kongresnog centra i odabir hotela visokog kvaliteta. Tako\u0111e je va\u017eno da potencijalni kandidati ve\u0107 imaju iskustva u organizovanju doga\u0111aja tako velikih razmera.</p>\n<p style=\"text-align: justify;\">Godi\u0161nji kongres pru\u017ea savr\u0161en osnov i priliku za povezivanje sa donosiocima odluka i za uspostavljanje novih kontakata u okviru turisti\u010dke industrije Nema\u010dke. Odli\u010dna je prilika za predstavljanje zemlje doma\u0107ina kroz radionice, sve\u010dane ve\u010dere i zabave, hotele, transfere, ekskurzije i ture pre i posle doga\u0111aja.</p>\n<p style=\"text-align: justify;\">\n<p style=\"text-align: justify;\"><strong>2. Svake godine je neka druga destinacija doma\u0107in kongresa. <a href=\"https://www.seebtm.com/wp-content/uploads/Sveti-Stefan.jpg\"><img class=\"alignright size-medium wp-image-8827\" title=\"Sveti Stefan\" src=\"https://www.seebtm.com/wp-content/uploads/Sveti-Stefan-300x195.jpg\" alt=\"Sveti Stefan\" width=\"300\" height=\"195\" srcset=\"https://www.seebtm.com/wp-content/uploads/Sveti-Stefan-300x195.jpg 300w, https://www.seebtm.com/wp-content/uploads/Sveti-Stefan.jpg 700w\" sizes=\"(max-width: 300px) 100vw, 300px\" /></a>Mo\u017eete li nam re\u0107i koji su glavni razlozi da se odlu\u010dite za Budvu i Crnu Goru kao doma\u0107ina?</strong></p>\n<p style=\"text-align: justify;\">Odbor direktora Nema\u010dkog turisti\u010dkog udru\u017eenja se odlu\u010dio za Budvu i Crnu Goru kao dobro mesto za godi\u0161nji kongres iz nekoliko razloga. Jedan od bitnih aspekata koji je prevagnuo u korist Crne Gore kao doma\u0107ina jeste sposobnost zemlje da organizuje posebne \u010darter letove kako bi u\u010desnici iz cele Nema\u010dke mogli lako da doputuju sa jednog od glavnih aerodroma u Nema\u010dkoj. Bili su u mogu\u0107nosti i da ponude spektar razli\u010ditih hotelskih sme\u0161taja razli\u010ditog kvaliteta i raspona cena, kao i kongresni centar i razli\u010dite lokacije gde bismo smestili do 1.000 ljudi.</p>\n<p style=\"text-align: justify;\">Od 2006. godine je Crna Gora nezavisna, a turizam joj je najzna\u010dajnija grana. Godine 2010., 25.381 gost iz Nema\u010dke je posetio ovu zemlju na obali Jadrana. Ve\u0107 je 2011. godine oko 35.000 Nemaca posetilo Crnu Goru, koja generi\u0161e preko jedne petine bud\u017eetskih prihoda iz turizma. \u010cak jedna od pet osoba radi u lokalnoj turisti\u010dkoj industriji, pri \u010demu ovaj trend bele\u017ei rast.</p>\n<p style=\"text-align: justify;\">Kao zna\u010dajan partner industrije turizma Crne Gore, \u017eelimo da pomognemo i bolje predstavimo prirodne i kulturne znamenitosti Crne Gore Nema\u010dkoj. Zato sa nestrpljenjem i\u0161\u010dekujemo posetu regionu Budve i ovogodi\u0161nji kongres. Veoma cenimo poziv zvani\u010dnika turisti\u010dke organizacije Crne Gore.</p>\n<p style=\"text-align: justify;\"><a href=\"https://www.seebtm.com/wp-content/uploads/njeguska-trpeza.jpg\"><img class=\"alignleft size-medium wp-image-8828\" title=\"Njeguska trpeza\" src=\"https://www.seebtm.com/wp-content/uploads/njeguska-trpeza-300x200.jpg\" alt=\"Njeguska trpeza\" width=\"300\" height=\"200\" srcset=\"https://www.seebtm.com/wp-content/uploads/njeguska-trpeza-300x200.jpg 300w, https://www.seebtm.com/wp-content/uploads/njeguska-trpeza.jpg 550w\" sizes=\"(max-width: 300px) 100vw, 300px\" /></a>Crna Gora ima puno toga da ponudi: gotovo 300 km obale, masivne planine sa vrhovima preko 2.500 m, 6.000 km dugu mre\u017eu staza za pe\u0161a\u010denje i biciklizam, kao i pet nacionalnih parkova. Kod razvoja zemlje, zvani\u010dnici turisti\u010dke organizacije Crne Gore pridaju zna\u010daj odr\u017eivosti. O\u010duvanje prirode i odr\u017eivi razvoj imaju ustavni status od 1991. godine. Nacionalna strategija odr\u017eivog razvoja, zakoni o za\u0161titi \u017eivotne sredine i glavni turisti\u010dki plan \u2013 barem do 2020. godine \u2013 defini\u0161u konkretne ciljeve. Crna Gora dobija podr\u0161ku od nekoliko zemalja i organizacija kao \u0161to je Deutsche Gesellschaft f\u00fcr Internationale Zusammenarbeit (GIZ).</p>\n<p style=\"text-align: justify;\"><strong>3. \u0160ta \u0107e Godi\u0161nji kongres 2012 doneti Crnoj Gori, a \u0161ta u\u010desnicima iz Nema\u010dke?</strong></p>\n<p style=\"text-align: justify;\">Program trodnevne konferencije \u0107e biti zanimljiv i uzbudljiv sa dosta prezentacija, govora, diskusija i radionica. Pored toga, svi u\u010desnici \u0107e dobiti pregled najistaknutijih turisti\u010dkih sadr\u017eaja zemlje. Tri radionice sa ekskurzijama do glavnih atrakcija u zemlji \u0107e kompletirati kongresni <a href=\"https://www.seebtm.com/wp-content/uploads/Fiebig.jpg\"><img class=\"alignright size-medium wp-image-8829\" title=\"Fiebig\" src=\"https://www.seebtm.com/wp-content/uploads/Fiebig-300x190.jpg\" alt=\"Fiebig\" width=\"300\" height=\"190\" srcset=\"https://www.seebtm.com/wp-content/uploads/Fiebig-300x190.jpg 300w, https://www.seebtm.com/wp-content/uploads/Fiebig.jpg 600w\" sizes=\"(max-width: 300px) 100vw, 300px\" /></a>program.</p>\n<p style=\"text-align: justify;\">Iz iskustva mo\u017eemo re\u0107i da broj nema\u010dkih turista u predmetnim dr\u017eavama doma\u0107inima ima tendenciju rasta nakon odr\u017eavanja na\u0161eg godi\u0161njeg kongresa. Razlog tome jeste ogromna medijska pa\u017enja pre, za vreme i posle kongresa koja se pridaje regionu i zemlji gde se odr\u017eava kongres. Godi\u0161nji kongres DRV prati oko 30 novinara iz Nema\u010dke, a i veliki broj lokalnih medija je prisutan na kongresu koji izve\u0161tavaju za nacionalne i regionalne novine, TV i radio stanice. Zato jedan takav veliki doga\u0111aj predstavlja izvanrednu priliku za promociju destinacije, njenih atrakcija, potencijala i budu\u0107ih planova za tr\u017ei\u0161te turizma.</p>\n<p style=\"text-align: justify;\"><strong>4. Po Va\u0161em mi\u0161ljenju koji je stepen razvoja turizma u regionu jugoisto\u010dne Evrope, a posebno u oblasti kongresne industrije?</strong></p>\n<p style=\"text-align: justify;\">Sa na\u0161eg stanovi\u0161ta ima jo\u0161 potencijala za segment odmora, kao i za kongresni turizam u celom regionu. Sa druge strane svedoci smo rastu\u0107eg potencijala za investiranje u infrastrukturu u cilju pove\u0107anja hotelskih kapaciteta i unapre\u0111enja kongresnih objekata, na primer.</p>\n<p style=\"text-align: justify;\"><a href=\"mailto:svetlana@kongresniturizam.com\" target=\"_blank\">S.G.<br />\n</a></p>\n<p style=\"color: #ab3320; text-align: justify;\"><strong>Svake godine, doma\u0107in kongresa je neka druga zemlja: 2006. &#8211; Tenerifi, 2007. &#8211; Turska, 2008. &#8211; Budimpe\u0161ta, 2009. &#8211; Egipat, 2010. &#8211; Maroko, 2011. &#8211; Ju\u017ena Koreja, 2012. &#8211; Crna Gora.</strong></p>\n<p style=\"color: #268389; text-align: justify;\"><strong>Za crnogorski turizam je kongres Njema\u010dkog turisti\u010dkog udru\u017eenja (DRV) do sada svakako najzna\u010dajniji skup, \u010diji \u0107e se pozitivni efekti osje\u0107ati zadugo nakon samog odr\u017eavanja kongresa.</strong></p>\n<p style=\"color: #268389; text-align: justify;\"><strong>Kongres DRV-a, koje kao krovno turisti\u010dko udru\u017eenje broji nekoliko hiljada najve\u0107ih njema\u010dkih kompanija, okupi\u0107e oko 1.000 predstavnika turoperatora i agencija sa ovog tr\u017ei\u0161ta, avio kompanije, osiguravaju\u0107a dru\u0161tva i zna\u010dajan broj medija. DRV okuplja najve\u0107e njema\u010dke kompanije kao \u0161to su \u201eLufthansa\u201c, \u201eDeutsche Bahn\u201c, \u201eTui\u201c, \u201eThomas Cook\u201c, \u201eAir Berlin\u201c,\u00a0 \u201eDertour\u201c itd. Oko 80% ukupnog turisti\u010dkog prometa sa njema\u010dkog tr\u017ei\u0161ta se realizuje preko \u010dlanica ovog udru\u017eenja. Njema\u010dko emitivno turisti\u010dko tr\u017ei\u0161te je jedno od svjetski najzna\u010dajnijih sa preko 60 miliona putovanja tokom godine.</strong></p>\n<p style=\"color: #268389; text-align: justify;\"><strong>Smatramo da \u0107e navedeni kongres zna\u010dajno uticati na promociju crnogorskog turisti\u010dkog proizvoda na njema\u010dkom tr\u017ei\u0161tu, a i \u0161ire. Pored navedenog, zna\u010dajno je napomenuti da \u0107e predstavnici crnogorskih ugostiteljskih i turisti\u010dkih preduze\u0107a imati priliku da se upoznaju i razmjene kontakte sa najzna\u010dajnijim predstavnicima njema\u010dke turisti\u010dke privrede. Tako\u0111e, ovo \u0107e biti prilika da se kako na dr\u017eavnom tako i na lokalnom nivou, preduzmu sve neophodne aktivnosti i ulo\u017ee maksimalni napori kako bi se na\u0161a zemlja adekvatno pozicionirala na ovom zna\u010dajnom emitivnom tr\u017ei\u0161tu.</strong></p>\n<p style=\"color: #268389; text-align: justify;\"><strong>Danica \u0106erani\u0107, direktorka Montenegro Convention Bureau</strong></p>\n<p>The post <a rel=\"nofollow\" href=\"https://www.seebtm.com/62-godisnji-kongres-nemackog-turistickog-udruzenja-odlicna-prilika-za-turizam-crne-gore-i-nemacke/\">62. Godi\u0161nji kongres Nema\u010dkog turisti\u010dkog udru\u017eenja &#8211; ODLI\u010cNA PRILIKA ZA TURIZAM CRNE GORE I NEMA\u010cKE</a> appeared first on <a rel=\"nofollow\" href=\"https://www.seebtm.com\">SEE Business travel &amp; meetings magazine</a>.</p>\n",
            "content_text": "Ovogodi\u0161nji kongres \u0107e pru\u017eiti izvanrednu priliku da se ostvare kontakti sa donosiocima odluka u turisti\u010dkoj industriji Crne Gore, pro\u0161iri paleta usluga za nema\u010dke turiste i da se Nema\u010dkoj pribli\u017ei turisti\u010dka ponuda Crne Gore.\nDa bismo predstavili predstoje\u0107i kongres imali smo \u010dast da porazgovaramo sa g-dinom Jirgenom Bihijem, predsednikom DRV.\n1. Ove godine se odr\u017eava 62. kongres DRV (Deutscher ReiseVerband). Koji su glavni uslovi koje destinacija treba da zadovolji kako bi bila doma\u0107in ovog kongresa?\nRazli\u010dite destinacije se svake godine prijavljuju za doma\u0107ina godi\u0161njeg kongresa DRV. Presudni faktori u procesu odlu\u010divanja obuhvataju dovoljan broj letova (lak pristup sa centralnih aerodroma u Nema\u010dkoj), samu lokaciju (da li je turisti\u010dki privla\u010dna, da li ima potencijala za atraktivne ve\u010dernje doga\u0111aje sa do 1.000 zvanica, kao i da li je dobra polazna ta\u010dka za skupove pre i posle doga\u0111aja), kapacitet kongresnog centra i odabir hotela visokog kvaliteta. Tako\u0111e je va\u017eno da potencijalni kandidati ve\u0107 imaju iskustva u organizovanju doga\u0111aja tako velikih razmera.\nGodi\u0161nji kongres pru\u017ea savr\u0161en osnov i priliku za povezivanje sa donosiocima odluka i za uspostavljanje novih kontakata u okviru turisti\u010dke industrije Nema\u010dke. Odli\u010dna je prilika za predstavljanje zemlje doma\u0107ina kroz radionice, sve\u010dane ve\u010dere i zabave, hotele, transfere, ekskurzije i ture pre i posle doga\u0111aja.\n\n2. Svake godine je neka druga destinacija doma\u0107in kongresa. Mo\u017eete li nam re\u0107i koji su glavni razlozi da se odlu\u010dite za Budvu i Crnu Goru kao doma\u0107ina?\nOdbor direktora Nema\u010dkog turisti\u010dkog udru\u017eenja se odlu\u010dio za Budvu i Crnu Goru kao dobro mesto za godi\u0161nji kongres iz nekoliko razloga. Jedan od bitnih aspekata koji je prevagnuo u korist Crne Gore kao doma\u0107ina jeste sposobnost zemlje da organizuje posebne \u010darter letove kako bi u\u010desnici iz cele Nema\u010dke mogli lako da doputuju sa jednog od glavnih aerodroma u Nema\u010dkoj. Bili su u mogu\u0107nosti i da ponude spektar razli\u010ditih hotelskih sme\u0161taja razli\u010ditog kvaliteta i raspona cena, kao i kongresni centar i razli\u010dite lokacije gde bismo smestili do 1.000 ljudi.\nOd 2006. godine je Crna Gora nezavisna, a turizam joj je najzna\u010dajnija grana. Godine 2010., 25.381 gost iz Nema\u010dke je posetio ovu zemlju na obali Jadrana. Ve\u0107 je 2011. godine oko 35.000 Nemaca posetilo Crnu Goru, koja generi\u0161e preko jedne petine bud\u017eetskih prihoda iz turizma. \u010cak jedna od pet osoba radi u lokalnoj turisti\u010dkoj industriji, pri \u010demu ovaj trend bele\u017ei rast.\nKao zna\u010dajan partner industrije turizma Crne Gore, \u017eelimo da pomognemo i bolje predstavimo prirodne i kulturne znamenitosti Crne Gore Nema\u010dkoj. Zato sa nestrpljenjem i\u0161\u010dekujemo posetu regionu Budve i ovogodi\u0161nji kongres. Veoma cenimo poziv zvani\u010dnika turisti\u010dke organizacije Crne Gore.\nCrna Gora ima puno toga da ponudi: gotovo 300 km obale, masivne planine sa vrhovima preko 2.500 m, 6.000 km dugu mre\u017eu staza za pe\u0161a\u010denje i biciklizam, kao i pet nacionalnih parkova. Kod razvoja zemlje, zvani\u010dnici turisti\u010dke organizacije Crne Gore pridaju zna\u010daj odr\u017eivosti. O\u010duvanje prirode i odr\u017eivi razvoj imaju ustavni status od 1991. godine. Nacionalna strategija odr\u017eivog razvoja, zakoni o za\u0161titi \u017eivotne sredine i glavni turisti\u010dki plan \u2013 barem do 2020. godine \u2013 defini\u0161u konkretne ciljeve. Crna Gora dobija podr\u0161ku od nekoliko zemalja i organizacija kao \u0161to je Deutsche Gesellschaft f\u00fcr Internationale Zusammenarbeit (GIZ).\n3. \u0160ta \u0107e Godi\u0161nji kongres 2012 doneti Crnoj Gori, a \u0161ta u\u010desnicima iz Nema\u010dke?\nProgram trodnevne konferencije \u0107e biti zanimljiv i uzbudljiv sa dosta prezentacija, govora, diskusija i radionica. Pored toga, svi u\u010desnici \u0107e dobiti pregled najistaknutijih turisti\u010dkih sadr\u017eaja zemlje. Tri radionice sa ekskurzijama do glavnih atrakcija u zemlji \u0107e kompletirati kongresni program.\nIz iskustva mo\u017eemo re\u0107i da broj nema\u010dkih turista u predmetnim dr\u017eavama doma\u0107inima ima tendenciju rasta nakon odr\u017eavanja na\u0161eg godi\u0161njeg kongresa. Razlog tome jeste ogromna medijska pa\u017enja pre, za vreme i posle kongresa koja se pridaje regionu i zemlji gde se odr\u017eava kongres. Godi\u0161nji kongres DRV prati oko 30 novinara iz Nema\u010dke, a i veliki broj lokalnih medija je prisutan na kongresu koji izve\u0161tavaju za nacionalne i regionalne novine, TV i radio stanice. Zato jedan takav veliki doga\u0111aj predstavlja izvanrednu priliku za promociju destinacije, njenih atrakcija, potencijala i budu\u0107ih planova za tr\u017ei\u0161te turizma.\n4. Po Va\u0161em mi\u0161ljenju koji je stepen razvoja turizma u regionu jugoisto\u010dne Evrope, a posebno u oblasti kongresne industrije?\nSa na\u0161eg stanovi\u0161ta ima jo\u0161 potencijala za segment odmora, kao i za kongresni turizam u celom regionu. Sa druge strane svedoci smo rastu\u0107eg potencijala za investiranje u infrastrukturu u cilju pove\u0107anja hotelskih kapaciteta i unapre\u0111enja kongresnih objekata, na primer.\nS.G.\n\nSvake godine, doma\u0107in kongresa je neka druga zemlja: 2006. &#8211; Tenerifi, 2007. &#8211; Turska, 2008. &#8211; Budimpe\u0161ta, 2009. &#8211; Egipat, 2010. &#8211; Maroko, 2011. &#8211; Ju\u017ena Koreja, 2012. &#8211; Crna Gora.\nZa crnogorski turizam je kongres Njema\u010dkog turisti\u010dkog udru\u017eenja (DRV) do sada svakako najzna\u010dajniji skup, \u010diji \u0107e se pozitivni efekti osje\u0107ati zadugo nakon samog odr\u017eavanja kongresa.\nKongres DRV-a, koje kao krovno turisti\u010dko udru\u017eenje broji nekoliko hiljada najve\u0107ih njema\u010dkih kompanija, okupi\u0107e oko 1.000 predstavnika turoperatora i agencija sa ovog tr\u017ei\u0161ta, avio kompanije, osiguravaju\u0107a dru\u0161tva i zna\u010dajan broj medija. DRV okuplja najve\u0107e njema\u010dke kompanije kao \u0161to su \u201eLufthansa\u201c, \u201eDeutsche Bahn\u201c, \u201eTui\u201c, \u201eThomas Cook\u201c, \u201eAir Berlin\u201c,\u00a0 \u201eDertour\u201c itd. Oko 80% ukupnog turisti\u010dkog prometa sa njema\u010dkog tr\u017ei\u0161ta se realizuje preko \u010dlanica ovog udru\u017eenja. Njema\u010dko emitivno turisti\u010dko tr\u017ei\u0161te je jedno od svjetski najzna\u010dajnijih sa preko 60 miliona putovanja tokom godine.\nSmatramo da \u0107e navedeni kongres zna\u010dajno uticati na promociju crnogorskog turisti\u010dkog proizvoda na njema\u010dkom tr\u017ei\u0161tu, a i \u0161ire. Pored navedenog, zna\u010dajno je napomenuti da \u0107e predstavnici crnogorskih ugostiteljskih i turisti\u010dkih preduze\u0107a imati priliku da se upoznaju i razmjene kontakte sa najzna\u010dajnijim predstavnicima njema\u010dke turisti\u010dke privrede. Tako\u0111e, ovo \u0107e biti prilika da se kako na dr\u017eavnom tako i na lokalnom nivou, preduzmu sve neophodne aktivnosti i ulo\u017ee maksimalni napori kako bi se na\u0161a zemlja adekvatno pozicionirala na ovom zna\u010dajnom emitivnom tr\u017ei\u0161tu.\nDanica \u0106erani\u0107, direktorka Montenegro Convention Bureau\nThe post 62. Godi\u0161nji kongres Nema\u010dkog turisti\u010dkog udru\u017eenja &#8211; ODLI\u010cNA PRILIKA ZA TURIZAM CRNE GORE I NEMA\u010cKE appeared first on SEE Business travel &amp; meetings magazine.",
            "date_published": "2012-11-01T14:24:04+01:00",
            "date_modified": "2015-06-29T16:16:17+02:00",
            "author": {
                "name": "Svetlana Gavric",
                "url": "https://www.seebtm.com/author/ceca/",
                "avatar": "https://www.seebtm.com/wp-content/uploads/Ceca.jpg"
            },
            "image": "https://www.seebtm.com/wp-content/uploads/Sveti-Stefan.jpg",
            "tags": [
                "crna gora",
                "drv kongres",
                "Aktuelne teme"
            ]
        }
    ]
}