{
    "version": "https://jsonfeed.org/version/1",
    "user_comment": "This feed allows you to read the posts from this site in any feed reader that supports the JSON Feed format. To add this feed to your reader, copy the following URL -- https://www.seebtm.com/tag/albert-ajnstajn/feed/json/ -- and add it your reader.",
    "home_page_url": "https://www.seebtm.com/tag/albert-ajnstajn/",
    "feed_url": "https://www.seebtm.com/tag/albert-ajnstajn/feed/json/",
    "title": "SEE Business travel &amp; meetings magazine",
    "description": "Magazin za oblast poslovnih putovanja i kongresnog turizma Jugoisto\u010dne Evrope",
    "items": [
        {
            "id": "https://www.seebtm.com/koliko-znate-o-albertu-ajnstajnu/",
            "url": "https://www.seebtm.com/koliko-znate-o-albertu-ajnstajnu/",
            "title": "Koliko znate o Albertu Ajn\u0161tajnu?",
            "content_html": "<h1>Kao dete jako je sporo u\u010dio i usvajao gradivo, a sa samo 15 godina je napustio srednju \u0161kolu.</h1>\n<p>Nema\u010dkog dr\u017eavljanstva se odrekao godinu danu kasnije i sebe je smatrao gra\u0111aninom sveta. Naukom je po\u010deo da se bavi jer je \u017eeleo da sazna odgovor na pitanje koja sila tera iglu u kompasu da se pokrene? Nije voleo \u010darape i kada god je mogao, izbegavao je da ih nosi. \u010cak i kada je dr\u017eao predavanja na Oksfordu. Uprkos tome \u0161to je bio genije, imao je lo\u0161u memoriju pa nije mogao da upamti datume i brojeve telefona.</p>\n<p>The post <a rel=\"nofollow\" href=\"https://www.seebtm.com/koliko-znate-o-albertu-ajnstajnu/\">Koliko znate o Albertu Ajn\u0161tajnu?</a> appeared first on <a rel=\"nofollow\" href=\"https://www.seebtm.com\">SEE Business travel &amp; meetings magazine</a>.</p>\n",
            "content_text": "Kao dete jako je sporo u\u010dio i usvajao gradivo, a sa samo 15 godina je napustio srednju \u0161kolu.\nNema\u010dkog dr\u017eavljanstva se odrekao godinu danu kasnije i sebe je smatrao gra\u0111aninom sveta. Naukom je po\u010deo da se bavi jer je \u017eeleo da sazna odgovor na pitanje koja sila tera iglu u kompasu da se pokrene? Nije voleo \u010darape i kada god je mogao, izbegavao je da ih nosi. \u010cak i kada je dr\u017eao predavanja na Oksfordu. Uprkos tome \u0161to je bio genije, imao je lo\u0161u memoriju pa nije mogao da upamti datume i brojeve telefona.\nThe post Koliko znate o Albertu Ajn\u0161tajnu? appeared first on SEE Business travel &amp; meetings magazine.",
            "date_published": "2019-12-20T09:55:41+01:00",
            "date_modified": "2019-12-20T09:55:41+01:00",
            "author": {
                "name": "Mira Jokic",
                "url": "https://www.seebtm.com/author/officebs/",
                "avatar": "https://www.seebtm.com/wp-content/uploads/slika-.jpg"
            },
            "image": "https://www.seebtm.com/wp-content/uploads/ajnstajn.jpg",
            "tags": [
                "Albert Ajn\u0161tajn",
                "LIFESTYLE",
                "Ma \u0161ta ka\u017ee\u0161?!"
            ],
            "summary": "Kao dete jako je sporo u\u010dio i usvajao gradivo, a sa samo 15 godina je napustio srednju \u0161kolu."
        }
    ]
}