{
    "version": "https://jsonfeed.org/version/1",
    "user_comment": "This feed allows you to read the posts from this site in any feed reader that supports the JSON Feed format. To add this feed to your reader, copy the following URL -- https://www.seebtm.com/category/galerija/foto/feed/json/ -- and add it your reader.",
    "home_page_url": "https://www.seebtm.com/category/galerija/foto/",
    "feed_url": "https://www.seebtm.com/category/galerija/foto/feed/json/",
    "title": "SEE Business travel &amp; meetings magazine",
    "description": "Magazin za oblast poslovnih putovanja i kongresnog turizma Jugoisto\u010dne Evrope",
    "items": [
        {
            "id": "https://www.seebtm.com/seebtm-party-2016-2/",
            "url": "https://www.seebtm.com/seebtm-party-2016-2/",
            "title": "SEEbtm Party 2016",
            "content_html": "<p style=\"text-align: justify;\">U Beogradu, 18. novembra, u organizaciji portala Kongresniturizam.com i SEE business travel &amp; meetings magazina, okupljena je, po 6. put, kongresna industrija regiona, na sada ve\u0107 tradicionalnom doga\u0111aju \u2013 popularno poznatom\u00a0kao SEEbtm Party. Pogledajte deo atmosfere.</p>\n<p style=\"text-align: justify;\">Doga\u0111aju je prisustvovalo oko 250 najzna\u010dajnijih predstavnika kongresne hotelske industrije, kao i kompanija \u2013 organizatora doga\u0111aja. Od kompanija, bili su prisutni predstavnici farmaceutskih, IT, osiguranja, bankarskih i revizorskih ku\u0107a, prehrambene industrije isl.</p>\n<p style=\"text-align: justify;\">Ovogodi\u0161nja novina je i pokretanje SEEbtm Awards \u2013 priznanja najboljim hotelima u kongresnom i poslovnom turizmu regiona za teku\u0107u godinu u 22 kategorije. Ova presti\u017ena priznanja dodeljena su na osnovu glasova onih koji su kupci u kongresnom turizmu \u2013 organizatora doga\u0111aja, kao i \u010ditalaca i \u017eirija SEEbtm magazina.</p>\n<p style=\"text-align: justify;\">Pogledajte <a href=\"https://www.facebook.com/pg/Kongresniturizam/photos/?tab=album&amp;album_id=1160720164012869\">galeriju fotografija</a>!</p>\n<p>The post <a rel=\"nofollow\" href=\"https://www.seebtm.com/seebtm-party-2016-2/\">SEEbtm Party 2016</a> appeared first on <a rel=\"nofollow\" href=\"https://www.seebtm.com\">SEE Business travel &amp; meetings magazine</a>.</p>\n",
            "content_text": "U Beogradu, 18. novembra, u organizaciji portala Kongresniturizam.com i SEE business travel &amp; meetings magazina, okupljena je, po 6. put, kongresna industrija regiona, na sada ve\u0107 tradicionalnom doga\u0111aju \u2013 popularno poznatom\u00a0kao SEEbtm Party. Pogledajte deo atmosfere.\nDoga\u0111aju je prisustvovalo oko 250 najzna\u010dajnijih predstavnika kongresne hotelske industrije, kao i kompanija \u2013 organizatora doga\u0111aja. Od kompanija, bili su prisutni predstavnici farmaceutskih, IT, osiguranja, bankarskih i revizorskih ku\u0107a, prehrambene industrije isl.\nOvogodi\u0161nja novina je i pokretanje SEEbtm Awards \u2013 priznanja najboljim hotelima u kongresnom i poslovnom turizmu regiona za teku\u0107u godinu u 22 kategorije. Ova presti\u017ena priznanja dodeljena su na osnovu glasova onih koji su kupci u kongresnom turizmu \u2013 organizatora doga\u0111aja, kao i \u010ditalaca i \u017eirija SEEbtm magazina.\nPogledajte galeriju fotografija!\nThe post SEEbtm Party 2016 appeared first on SEE Business travel &amp; meetings magazine.",
            "date_published": "2016-11-29T16:24:35+01:00",
            "date_modified": "2016-11-29T16:30:25+01:00",
            "author": {
                "name": "Mira Jokic",
                "url": "https://www.seebtm.com/author/officebs/",
                "avatar": "https://www.seebtm.com/wp-content/uploads/slika-.jpg"
            },
            "image": "https://www.seebtm.com/wp-content/uploads/SRD_7546.jpg",
            "tags": [
                "kongresniturizam.com",
                "SEEbtm Awards",
                "SEEbtm Party",
                "Foto"
            ]
        },
        {
            "id": "https://www.seebtm.com/seebtm-party-2015/",
            "url": "https://www.seebtm.com/seebtm-party-2015/",
            "title": "SEEbtm party 2015",
            "content_html": "<p style=\"text-align: justify;\">Prenosimo atmosferu jubilarnog 5. okupljanja predstavnika kongresnog i poslovnog turizma- SEEbtm Party 2015 u organizaciji portala <a href=\"http://www.kongresniturizam.com/\" target=\"_blank\" rel=\"nofollow\">www.kongresniturizam.com</a> i <a class=\"profileLink\" href=\"https://www.facebook.com/SEEbtm\" data-gt=\"{&quot;entity_id&quot;:&quot;220975991283331&quot;,&quot;entity_path&quot;:&quot;\\/ajax\\/pagelet\\/generic.php:PagePostsSectionPagelet&quot;}\" data-hovercard=\"/ajax/hovercard/page.php?id=220975991283331\">SEEbtm &#8211; SEE Business travel &amp; Meetings magazine</a>.</p>\n<p style=\"text-align: justify;\">Za uspeh ovog okupljanja zahvalni smo i na\u0161im partnerima hotelu Galleria iz Subotice, <a class=\"profileLink\" href=\"https://www.facebook.com/vinarijazvonkobogdan\" data-gt=\"{&quot;entity_id&quot;:&quot;170601896308545&quot;,&quot;entity_path&quot;:&quot;\\/ajax\\/pagelet\\/generic.php:PagePostsSectionPagelet&quot;}\" data-hovercard=\"/ajax/hovercard/page.php?id=170601896308545\">Vinarija Zvonko Bogdan</a> u \u010dijim ekskluzivnim vinima smo svi u\u017eivali, i <a class=\"profileLink\" href=\"https://www.facebook.com/balkanekspresbend\" data-gt=\"{&quot;entity_id&quot;:&quot;27138498815&quot;,&quot;entity_path&quot;:&quot;\\/ajax\\/pagelet\\/generic.php:PagePostsSectionPagelet&quot;}\" data-hovercard=\"/ajax/hovercard/page.php?id=27138498815\">Balkan Ekspres bend</a> koji je ve\u0107 po tradiciji zadu\u017een za dobar provod.</p>\n<p style=\"text-align: justify;\">Prvog dana Me\u0111unarodnog sajma turizma u Beogradu, <strong>19. februara 2015.</strong>, skup pod nazivom <strong>SEEbtm Party</strong> (South East Europe Business Travel &amp; Meetings) odr\u017ean na Kalemegdanskoj terasi, okupio je 250 najzna\u010dajnijih predstavnika u oblasti poslovnog i kongresnog turizma (hotela, event prostora i kongresnih centara, agencija i kompanija koje su organizatori doga\u0111aja), a ujedno i zna\u010dajne predstavnike turisti\u010dkih organizacija.</p>\n<p>Pogledajte <a href=\"https://www.facebook.com/pg/Kongresniturizam/photos/?tab=album&amp;album_id=784490758302480\">galeriju fotografija</a>!</p>\n<p>The post <a rel=\"nofollow\" href=\"https://www.seebtm.com/seebtm-party-2015/\">SEEbtm party 2015</a> appeared first on <a rel=\"nofollow\" href=\"https://www.seebtm.com\">SEE Business travel &amp; meetings magazine</a>.</p>\n",
            "content_text": "Prenosimo atmosferu jubilarnog 5. okupljanja predstavnika kongresnog i poslovnog turizma- SEEbtm Party 2015 u organizaciji portala www.kongresniturizam.com i SEEbtm &#8211; SEE Business travel &amp; Meetings magazine.\nZa uspeh ovog okupljanja zahvalni smo i na\u0161im partnerima hotelu Galleria iz Subotice, Vinarija Zvonko Bogdan u \u010dijim ekskluzivnim vinima smo svi u\u017eivali, i Balkan Ekspres bend koji je ve\u0107 po tradiciji zadu\u017een za dobar provod.\nPrvog dana Me\u0111unarodnog sajma turizma u Beogradu, 19. februara 2015., skup pod nazivom SEEbtm Party (South East Europe Business Travel &amp; Meetings) odr\u017ean na Kalemegdanskoj terasi, okupio je 250 najzna\u010dajnijih predstavnika u oblasti poslovnog i kongresnog turizma (hotela, event prostora i kongresnih centara, agencija i kompanija koje su organizatori doga\u0111aja), a ujedno i zna\u010dajne predstavnike turisti\u010dkih organizacija.\nPogledajte galeriju fotografija!\nThe post SEEbtm party 2015 appeared first on SEE Business travel &amp; meetings magazine.",
            "date_published": "2015-02-27T09:51:48+01:00",
            "date_modified": "2016-11-29T16:26:51+01:00",
            "author": {
                "name": "Miona Milic",
                "url": "https://www.seebtm.com/author/miona/",
                "avatar": "https://www.seebtm.com/wp-content/uploads/IMG-20240224-WA0003-e1728981138373.jpg"
            },
            "image": "https://www.seebtm.com/wp-content/uploads/SEEbtm-Party-2015-005.jpg",
            "tags": [
                "kongresna industrija",
                "SEEbtm Party",
                "Foto"
            ]
        },
        {
            "id": "https://www.seebtm.com/seebtm-party-2012-trece-okupljanje-kongresne-industrije-u-beogradu/",
            "url": "https://www.seebtm.com/seebtm-party-2012-trece-okupljanje-kongresne-industrije-u-beogradu/",
            "title": "SEEbtm party 2012 \u2013 Tre\u0107e okupljanje kongresne industrije u Beogradu",
            "content_html": "<p>Jo\u0161 fotki mo\u017eete prona\u0107i na na\u0161oj Fejsbuk stranici &#8211;\u00a0 <a href=\"http://www.facebook.com/#!/media/set/?set=a.326659557381640.73062.220975991283331&amp;type=1\" target=\"_blank\">http://www.facebook.com/#!/SEEbtm</a></p>\n<p>[nggallery id=9]</p>\n<p>The post <a rel=\"nofollow\" href=\"https://www.seebtm.com/seebtm-party-2012-trece-okupljanje-kongresne-industrije-u-beogradu/\">SEEbtm party 2012 &#8211; Tre\u0107e okupljanje kongresne industrije u Beogradu</a> appeared first on <a rel=\"nofollow\" href=\"https://www.seebtm.com\">SEE Business travel &amp; meetings magazine</a>.</p>\n",
            "content_text": "Jo\u0161 fotki mo\u017eete prona\u0107i na na\u0161oj Fejsbuk stranici &#8211;\u00a0 http://www.facebook.com/#!/SEEbtm\n[nggallery id=9]\nThe post SEEbtm party 2012 &#8211; Tre\u0107e okupljanje kongresne industrije u Beogradu appeared first on SEE Business travel &amp; meetings magazine.",
            "date_published": "2012-03-02T14:22:16+01:00",
            "date_modified": "2012-03-02T14:22:46+01:00",
            "author": {
                "name": "Miona Milic",
                "url": "https://www.seebtm.com/author/miona/",
                "avatar": "https://www.seebtm.com/wp-content/uploads/IMG-20240224-WA0003-e1728981138373.jpg"
            },
            "tags": [
                "Foto"
            ]
        },
        {
            "id": "https://www.seebtm.com/ift-2011-medunarodni-sajam-turizma-u-beogradu/",
            "url": "https://www.seebtm.com/ift-2011-medunarodni-sajam-turizma-u-beogradu/",
            "title": "IFT 2011 \u2013 Me\u0111unarodni sajam turizma u Beogradu",
            "content_html": "<p>[nggallery id=7]</p>\n<p>The post <a rel=\"nofollow\" href=\"https://www.seebtm.com/ift-2011-medunarodni-sajam-turizma-u-beogradu/\">IFT 2011 &#8211; Me\u0111unarodni sajam turizma u Beogradu</a> appeared first on <a rel=\"nofollow\" href=\"https://www.seebtm.com\">SEE Business travel &amp; meetings magazine</a>.</p>\n",
            "content_text": "[nggallery id=7]\nThe post IFT 2011 &#8211; Me\u0111unarodni sajam turizma u Beogradu appeared first on SEE Business travel &amp; meetings magazine.",
            "date_published": "2011-03-10T14:13:51+01:00",
            "date_modified": "2011-03-10T14:50:31+01:00",
            "author": {
                "name": "Miona Milic",
                "url": "https://www.seebtm.com/author/miona/",
                "avatar": "https://www.seebtm.com/wp-content/uploads/IMG-20240224-WA0003-e1728981138373.jpg"
            },
            "tags": [
                "Foto"
            ]
        },
        {
            "id": "https://www.seebtm.com/seebtm-party-2011-drugo-okupljanje-kongresne-industrije-u-beogradu/",
            "url": "https://www.seebtm.com/seebtm-party-2011-drugo-okupljanje-kongresne-industrije-u-beogradu/",
            "title": "SEEbtm party 2011 \u2013 Drugo okupljanje kongresne industrije u Beogradu",
            "content_html": "<p>[nggallery id=4]</p>\n<p>The post <a rel=\"nofollow\" href=\"https://www.seebtm.com/seebtm-party-2011-drugo-okupljanje-kongresne-industrije-u-beogradu/\">SEEbtm party 2011 &#8211; Drugo okupljanje kongresne industrije u Beogradu</a> appeared first on <a rel=\"nofollow\" href=\"https://www.seebtm.com\">SEE Business travel &amp; meetings magazine</a>.</p>\n",
            "content_text": "[nggallery id=4]\nThe post SEEbtm party 2011 &#8211; Drugo okupljanje kongresne industrije u Beogradu appeared first on SEE Business travel &amp; meetings magazine.",
            "date_published": "2011-03-02T18:16:37+01:00",
            "date_modified": "2011-03-02T18:26:50+01:00",
            "author": {
                "name": "Miona Milic",
                "url": "https://www.seebtm.com/author/miona/",
                "avatar": "https://www.seebtm.com/wp-content/uploads/IMG-20240224-WA0003-e1728981138373.jpg"
            },
            "tags": [
                "Foto"
            ]
        },
        {
            "id": "https://www.seebtm.com/seebtm-party-2010/",
            "url": "https://www.seebtm.com/seebtm-party-2010/",
            "title": "SEEbtm party 2010",
            "content_html": "<p>Pogledajte fotografije u <a href=\"https://www.facebook.com/pg/SEEbtm/photos/?tab=album&amp;album_id=225421827505414\">galeriji</a>.</p>\n<p>The post <a rel=\"nofollow\" href=\"https://www.seebtm.com/seebtm-party-2010/\">SEEbtm party 2010</a> appeared first on <a rel=\"nofollow\" href=\"https://www.seebtm.com\">SEE Business travel &amp; meetings magazine</a>.</p>\n",
            "content_text": "Pogledajte fotografije u galeriji.\nThe post SEEbtm party 2010 appeared first on SEE Business travel &amp; meetings magazine.",
            "date_published": "2011-01-29T15:57:46+01:00",
            "date_modified": "2017-12-14T15:05:29+01:00",
            "author": {
                "name": "admin",
                "url": "https://www.seebtm.com/author/admin/",
                "avatar": "https://secure.gravatar.com/avatar/254ccc082ae62fea0ea3d277f171301c?s=512&d=blank&r=g"
            },
            "tags": [
                "SEEbtm Party",
                "Foto"
            ]
        },
        {
            "id": "https://www.seebtm.com/imex-2010/",
            "url": "https://www.seebtm.com/imex-2010/",
            "title": "IMEX 2010",
            "content_html": "<p>[nggallery id=3]</p>\n<p>The post <a rel=\"nofollow\" href=\"https://www.seebtm.com/imex-2010/\">IMEX 2010</a> appeared first on <a rel=\"nofollow\" href=\"https://www.seebtm.com\">SEE Business travel &amp; meetings magazine</a>.</p>\n",
            "content_text": "[nggallery id=3]\nThe post IMEX 2010 appeared first on SEE Business travel &amp; meetings magazine.",
            "date_published": "2011-01-29T15:56:31+01:00",
            "date_modified": "2011-01-29T16:04:29+01:00",
            "author": {
                "name": "admin",
                "url": "https://www.seebtm.com/author/admin/",
                "avatar": "https://secure.gravatar.com/avatar/254ccc082ae62fea0ea3d277f171301c?s=512&d=blank&r=g"
            },
            "tags": [
                "Foto"
            ]
        }
    ]
}